{"id":12364,"date":"2022-03-13T19:32:13","date_gmt":"2022-03-13T17:32:13","guid":{"rendered":"https:\/\/blsontour.ch\/?p=12364"},"modified":"2022-04-06T19:31:58","modified_gmt":"2022-04-06T17:31:58","slug":"bucket-list-frankreich","status":"publish","type":"post","link":"https:\/\/blsontour.ch\/index.php\/2022\/03\/13\/bucket-list-frankreich\/","title":{"rendered":"BUCKET LIST FRANKREICH"},"content":{"rendered":"\t\t<div data-elementor-type=\"wp-post\" data-elementor-id=\"12364\" class=\"elementor elementor-12364\" data-elementor-post-type=\"post\">\n\t\t\t\t\t\t<section class=\"elementor-section elementor-top-section elementor-element elementor-element-2e38693 elementor-section-boxed elementor-section-height-default elementor-section-height-default wpr-particle-no wpr-jarallax-no wpr-parallax-no wpr-sticky-section-no wpr-column-slider-no wpr-equal-height-no\" data-id=\"2e38693\" data-element_type=\"section\" data-e-type=\"section\">\n\t\t\t\t\t\t<div class=\"elementor-container elementor-column-gap-default\">\n\t\t\t\t\t<div class=\"elementor-column elementor-col-100 elementor-top-column elementor-element elementor-element-2273434\" data-id=\"2273434\" data-element_type=\"column\" data-e-type=\"column\">\n\t\t\t<div class=\"elementor-widget-wrap\">\n\t\t\t\t\t\t\t<\/div>\n\t\t<\/div>\n\t\t\t\t\t<\/div>\n\t\t<\/section>\n\t\t\t\t<section class=\"elementor-section elementor-top-section elementor-element elementor-element-f4a9479 elementor-section-boxed elementor-section-height-default elementor-section-height-default wpr-particle-no wpr-jarallax-no wpr-parallax-no wpr-sticky-section-no wpr-column-slider-no wpr-equal-height-no\" data-id=\"f4a9479\" data-element_type=\"section\" data-e-type=\"section\">\n\t\t\t\t\t\t<div class=\"elementor-container elementor-column-gap-default\">\n\t\t\t\t\t<div class=\"elementor-column elementor-col-100 elementor-top-column elementor-element elementor-element-dc5dbc4\" data-id=\"dc5dbc4\" data-element_type=\"column\" data-e-type=\"column\">\n\t\t\t<div class=\"elementor-widget-wrap elementor-element-populated\">\n\t\t\t\t\t\t<div class=\"elementor-element elementor-element-2a30990 elementor-widget elementor-widget-text-editor\" data-id=\"2a30990\" data-element_type=\"widget\" data-e-type=\"widget\" data-widget_type=\"text-editor.default\">\n\t\t\t\t<div class=\"elementor-widget-container\">\n\t\t\t\t\t\t\t\t\t<p><img decoding=\"async\" class=\"emoji\" role=\"img\" draggable=\"false\" src=\"https:\/\/s.w.org\/images\/core\/emoji\/13.1.0\/svg\/1f9ed.svg\" alt=\"\ud83e\udded\" \/> Wohin uns unsere n\u00e4chste Reise im Fr\u00fchling hinf\u00fchrt, steht einmal mehr offen&#8230;\u00a0 Wir pr\u00fcfen allerlei Destinationen und entscheiden uns kurz bevor es los geht <img decoding=\"async\" class=\"emoji\" role=\"img\" draggable=\"false\" src=\"https:\/\/s.w.org\/images\/core\/emoji\/13.1.0\/svg\/1f609.svg\" alt=\"\ud83d\ude09\" \/> Deshalb entsteht hier sicher in der n\u00e4chsten Zeit noch die eine oder andere Bucket List <img decoding=\"async\" class=\"emoji\" role=\"img\" draggable=\"false\" src=\"https:\/\/s.w.org\/images\/core\/emoji\/13.1.0\/svg\/1f609.svg\" alt=\"\ud83d\ude09\" \/><\/p>\t\t\t\t\t\t\t\t<\/div>\n\t\t\t\t<\/div>\n\t\t\t\t\t<\/div>\n\t\t<\/div>\n\t\t\t\t\t<\/div>\n\t\t<\/section>\n\t\t\t\t<section class=\"elementor-section elementor-top-section elementor-element elementor-element-105ed75 elementor-section-boxed elementor-section-height-default elementor-section-height-default wpr-particle-no wpr-jarallax-no wpr-parallax-no wpr-sticky-section-no wpr-column-slider-no wpr-equal-height-no\" data-id=\"105ed75\" data-element_type=\"section\" data-e-type=\"section\">\n\t\t\t\t\t\t<div class=\"elementor-container elementor-column-gap-default\">\n\t\t\t\t\t<div class=\"elementor-column elementor-col-33 elementor-top-column elementor-element elementor-element-d03f5b0\" data-id=\"d03f5b0\" data-element_type=\"column\" data-e-type=\"column\">\n\t\t\t<div class=\"elementor-widget-wrap elementor-element-populated\">\n\t\t\t\t\t\t<div class=\"elementor-element elementor-element-c27d385 elementor-widget elementor-widget-heading\" data-id=\"c27d385\" data-element_type=\"widget\" data-e-type=\"widget\" data-widget_type=\"heading.default\">\n\t\t\t\t<div class=\"elementor-widget-container\">\n\t\t\t\t\t<h3 class=\"elementor-heading-title elementor-size-default\">NORMANDIE<\/h3>\t\t\t\t<\/div>\n\t\t\t\t<\/div>\n\t\t\t\t\t<\/div>\n\t\t<\/div>\n\t\t\t\t<div class=\"elementor-column elementor-col-66 elementor-top-column elementor-element elementor-element-b5cdb37\" data-id=\"b5cdb37\" data-element_type=\"column\" data-e-type=\"column\">\n\t\t\t<div class=\"elementor-widget-wrap elementor-element-populated\">\n\t\t\t\t\t\t<div class=\"elementor-element elementor-element-ba7c08a elementor-widget elementor-widget-text-editor\" data-id=\"ba7c08a\" data-element_type=\"widget\" data-e-type=\"widget\" data-widget_type=\"text-editor.default\">\n\t\t\t\t<div class=\"elementor-widget-container\">\n\t\t\t\t\t\t\t\t\t<ul><li><a href=\"https:\/\/www.normandie-tourisme.fr\/falaises-cote-d-albatre\/\" target=\"_blank\" rel=\"noopener\">C\u00f4te d&#8217;Alb\u00e2tre<\/a><\/li><li><a href=\"https:\/\/www.normandie-tourisme.fr\/dieppe-en-couple-et-sans-voiture\/\" target=\"_blank\" rel=\"noopener\">Dieppe<\/a><\/li><li><a href=\"https:\/\/en.normandie-tourisme.fr\/unmissable-sites\/the-mont-saint-michel\/\" target=\"_blank\" rel=\"noopener\">Mont Saint Michel<\/a><\/li><\/ul>\t\t\t\t\t\t\t\t<\/div>\n\t\t\t\t<\/div>\n\t\t\t\t\t<\/div>\n\t\t<\/div>\n\t\t\t\t\t<\/div>\n\t\t<\/section>\n\t\t\t\t<section class=\"elementor-section elementor-top-section elementor-element elementor-element-1d9c1b1 elementor-section-boxed elementor-section-height-default elementor-section-height-default wpr-particle-no wpr-jarallax-no wpr-parallax-no wpr-sticky-section-no wpr-column-slider-no wpr-equal-height-no\" data-id=\"1d9c1b1\" data-element_type=\"section\" data-e-type=\"section\">\n\t\t\t\t\t\t<div class=\"elementor-container elementor-column-gap-default\">\n\t\t\t\t\t<div class=\"elementor-column elementor-col-33 elementor-top-column elementor-element elementor-element-529cfa8\" data-id=\"529cfa8\" data-element_type=\"column\" data-e-type=\"column\">\n\t\t\t<div class=\"elementor-widget-wrap elementor-element-populated\">\n\t\t\t\t\t\t<div class=\"elementor-element elementor-element-b63279e elementor-widget elementor-widget-heading\" data-id=\"b63279e\" data-element_type=\"widget\" data-e-type=\"widget\" data-widget_type=\"heading.default\">\n\t\t\t\t<div class=\"elementor-widget-container\">\n\t\t\t\t\t<h3 class=\"elementor-heading-title elementor-size-default\">C\u00d4TE D'AZUR &amp; HINTERLAND<\/h3>\t\t\t\t<\/div>\n\t\t\t\t<\/div>\n\t\t\t\t\t<\/div>\n\t\t<\/div>\n\t\t\t\t<div class=\"elementor-column elementor-col-66 elementor-top-column elementor-element elementor-element-852ee5b\" data-id=\"852ee5b\" data-element_type=\"column\" data-e-type=\"column\">\n\t\t\t<div class=\"elementor-widget-wrap elementor-element-populated\">\n\t\t\t\t\t\t<div class=\"elementor-element elementor-element-9ebeed7 elementor-widget elementor-widget-text-editor\" data-id=\"9ebeed7\" data-element_type=\"widget\" data-e-type=\"widget\" data-widget_type=\"text-editor.default\">\n\t\t\t\t<div class=\"elementor-widget-container\">\n\t\t\t\t\t\t\t\t\t<ul><li><a href=\"https:\/\/www.visitgrimaud.co.uk\/discover\/port-grimaud-a-unique-lakeside-town\/\" target=\"_blank\" rel=\"noopener\">Port Grimaud<\/a> &#8211; <a href=\"https:\/\/www.camping-de-la-plage.de\/?_ga=2.109412869.1084738976.1647276893-1026308096.1647276893\" target=\"_blank\" rel=\"noopener\">Camping<\/a><\/li><li><a href=\"https:\/\/www.sainttropeztourisme.com\/en\/\" target=\"_blank\" rel=\"noopener\">Saint-Tropez<\/a><\/li><li><a href=\"https:\/\/lesgorgesduverdon.fr\/\" target=\"_blank\" rel=\"noopener\">Gorges du Verdon<\/a><\/li><li><a href=\"https:\/\/www.esterel-cotedazur.com\/en\/discover\/natural-sites\/the-massifs\/esterel-massif\/\" target=\"_blank\" rel=\"noopener\">Esterel Massif<\/a><\/li><li><a href=\"https:\/\/www.google.com\/maps\/place\/Le+Belv%C3%A9d%C3%A8re+Le+Trayas\/@43.488214,6.827708,13z\/data=!4m13!1m7!3m6!1s0x12ce994cc9aac85d:0x1d521ae205e8ee7c!2sMassif+de+l'Esterel!3b1!8m2!3d43.5105793!4d6.8205238!3m4!1s0x0:0xc9c1f221f1c58e94!8m2!3d43.4764297!4d6.9283607!5m1!1e4\" target=\"_blank\" rel=\"noopener\">Le Belv\u00e9d\u00e8re Le Trayas<\/a><\/li><li><a href=\"https:\/\/www.antibesjuanlespins.com\/en\" target=\"_blank\" rel=\"noopener\">Antibes<\/a><\/li><li><a href=\"https:\/\/www.cannes-destination.com\/tourist-office\" target=\"_blank\" rel=\"noopener\">Cannes<\/a><\/li><li><a href=\"https:\/\/www.provence-info.de\/staedte\/nizza\/\" target=\"_blank\" rel=\"noopener\">Nizza<\/a><\/li><li><a href=\"https:\/\/juliasalbum.com\/beautiful-eze-village-in-southern-france\/\" target=\"_blank\" rel=\"noopener\">Eze &#8211; Village<\/a><\/li><li><a href=\"https:\/\/www.visitmonaco.com\/en\" target=\"_blank\" rel=\"noopener\">Monaco<\/a><\/li><li><a href=\"https:\/\/www.ville-la-turbie.fr\/\" target=\"_blank\" rel=\"noopener\">La Turbie<\/a><\/li><li><a href=\"https:\/\/vence-tourisme.com\/\" target=\"_blank\" rel=\"noopener\">Vence<\/a><\/li><li><a href=\"https:\/\/www.saint-pauldevence.com\/en\/\" target=\"_blank\" rel=\"noopener\">Saint-Paul-de-Vence<\/a><\/li><li><a href=\"https:\/\/www.les-plus-beaux-villages-de-france.org\/fr\/nos-villages\/gourdon\/\" target=\"_blank\" rel=\"noopener\">Gourdon<\/a><\/li><li><a href=\"https:\/\/www.sainte-maxime.com\/?lang=fr\" target=\"_blank\" rel=\"noopener\">Sainte Maxime<\/a><\/li><li><a href=\"https:\/\/www.hyeres-tourism.co.uk\/hyeres\/\" target=\"_blank\" rel=\"noopener\">Hy\u00e8res<\/a><\/li><li><a href=\"https:\/\/www.provence-info.de\/staedte\/cassis\/\" target=\"_blank\" rel=\"noopener\">Cassis<\/a><\/li><li><a href=\"https:\/\/www.cotedazur.de\/grasse.html\" target=\"_blank\" rel=\"noopener\">Grasse<\/a><\/li><li><a href=\"https:\/\/www.menton.fr\/\" target=\"_blank\" rel=\"noopener\">Menton<\/a><\/li><li><a href=\"http:\/\/www.calanques-parcnational.fr\/en\" target=\"_blank\" rel=\"noopener\">Parc national des Calanques<\/a><\/li><li><a href=\"https:\/\/www.yellohvillage.de\/camping\/le_club_farret\/unsere_campingstellplaetze#content\" target=\"_blank\" rel=\"noopener\">Yelloh Village &#8211; Camping<\/a> <\/li><\/ul>\t\t\t\t\t\t\t\t<\/div>\n\t\t\t\t<\/div>\n\t\t\t\t\t<\/div>\n\t\t<\/div>\n\t\t\t\t\t<\/div>\n\t\t<\/section>\n\t\t\t\t<section class=\"elementor-section elementor-top-section elementor-element elementor-element-d4dbe27 elementor-section-boxed elementor-section-height-default elementor-section-height-default wpr-particle-no wpr-jarallax-no wpr-parallax-no wpr-sticky-section-no wpr-column-slider-no wpr-equal-height-no\" data-id=\"d4dbe27\" data-element_type=\"section\" data-e-type=\"section\">\n\t\t\t\t\t\t<div class=\"elementor-container elementor-column-gap-default\">\n\t\t\t\t\t<div class=\"elementor-column elementor-col-33 elementor-top-column elementor-element elementor-element-b927190\" data-id=\"b927190\" data-element_type=\"column\" data-e-type=\"column\">\n\t\t\t<div class=\"elementor-widget-wrap elementor-element-populated\">\n\t\t\t\t\t\t<div class=\"elementor-element elementor-element-edfc60a elementor-view-default elementor-widget elementor-widget-icon\" data-id=\"edfc60a\" data-element_type=\"widget\" data-e-type=\"widget\" data-widget_type=\"icon.default\">\n\t\t\t\t<div class=\"elementor-widget-container\">\n\t\t\t\t\t\t\t<div class=\"elementor-icon-wrapper\">\n\t\t\t<div class=\"elementor-icon\">\n\t\t\t<i aria-hidden=\"true\" class=\"fas fa-link\"><\/i>\t\t\t<\/div>\n\t\t<\/div>\n\t\t\t\t\t\t<\/div>\n\t\t\t\t<\/div>\n\t\t\t\t\t<\/div>\n\t\t<\/div>\n\t\t\t\t<div class=\"elementor-column elementor-col-66 elementor-top-column elementor-element elementor-element-842dbb6\" data-id=\"842dbb6\" data-element_type=\"column\" data-e-type=\"column\">\n\t\t\t<div class=\"elementor-widget-wrap elementor-element-populated\">\n\t\t\t\t\t\t<div class=\"elementor-element elementor-element-ee49556 elementor-widget elementor-widget-text-editor\" data-id=\"ee49556\" data-element_type=\"widget\" data-e-type=\"widget\" data-widget_type=\"text-editor.default\">\n\t\t\t\t<div class=\"elementor-widget-container\">\n\t\t\t\t\t\t\t\t\t<p><a href=\"https:\/\/roadsurfer.com\/de-de\/blog\/mit-dem-wohnmobil\/frankreich\/cote-d-azur\/\" target=\"_blank\" rel=\"noopener\">Routen C\u00f4te d&#8217;azur<\/a><\/p>\t\t\t\t\t\t\t\t<\/div>\n\t\t\t\t<\/div>\n\t\t\t\t\t<\/div>\n\t\t<\/div>\n\t\t\t\t\t<\/div>\n\t\t<\/section>\n\t\t\t\t<section class=\"elementor-section elementor-top-section elementor-element elementor-element-d341b49 elementor-section-boxed elementor-section-height-default elementor-section-height-default wpr-particle-no wpr-jarallax-no wpr-parallax-no wpr-sticky-section-no wpr-column-slider-no wpr-equal-height-no\" data-id=\"d341b49\" data-element_type=\"section\" data-e-type=\"section\">\n\t\t\t\t\t\t<div class=\"elementor-container elementor-column-gap-default\">\n\t\t\t\t\t<div class=\"elementor-column elementor-col-33 elementor-top-column elementor-element elementor-element-249188f\" data-id=\"249188f\" data-element_type=\"column\" data-e-type=\"column\">\n\t\t\t<div class=\"elementor-widget-wrap elementor-element-populated\">\n\t\t\t\t\t\t<div class=\"elementor-element elementor-element-a5b0665 elementor-view-default elementor-widget elementor-widget-icon\" data-id=\"a5b0665\" data-element_type=\"widget\" data-e-type=\"widget\" data-widget_type=\"icon.default\">\n\t\t\t\t<div class=\"elementor-widget-container\">\n\t\t\t\t\t\t\t<div class=\"elementor-icon-wrapper\">\n\t\t\t<div class=\"elementor-icon\">\n\t\t\t<i aria-hidden=\"true\" class=\"far fa-arrow-alt-circle-down\"><\/i>\t\t\t<\/div>\n\t\t<\/div>\n\t\t\t\t\t\t<\/div>\n\t\t\t\t<\/div>\n\t\t\t\t\t<\/div>\n\t\t<\/div>\n\t\t\t\t<div class=\"elementor-column elementor-col-66 elementor-top-column elementor-element elementor-element-ceb78fe\" data-id=\"ceb78fe\" data-element_type=\"column\" data-e-type=\"column\">\n\t\t\t<div class=\"elementor-widget-wrap elementor-element-populated\">\n\t\t\t\t\t\t<div class=\"elementor-element elementor-element-1fa701c elementor-widget elementor-widget-text-editor\" data-id=\"1fa701c\" data-element_type=\"widget\" data-e-type=\"widget\" data-widget_type=\"text-editor.default\">\n\t\t\t\t<div class=\"elementor-widget-container\">\n\t\t\t\t\t\t\t\t\t<ul><li><a href=\"https:\/\/www.pontdarc-ardeche.fr\/\" target=\"_blank\" rel=\"noopener\">Gorges de l\u2019Ard\u00e8che<\/a><\/li><li><a href=\"https:\/\/www.auvergne-destination.com\/decouvrir\/au-pays-des-volcans\/\" target=\"_blank\" rel=\"noopener\">Auvergne<\/a><\/li><li><a href=\"https:\/\/avignon-tourisme.com\/de\/\" target=\"_blank\" rel=\"noopener\">Avignon<\/a><\/li><li><a href=\"https:\/\/www.arlestourisme.com\/fr\/\" target=\"_blank\" rel=\"noopener\">Arles<\/a><\/li><li><a href=\"https:\/\/www.destinationdijon.com\/\" target=\"_blank\" rel=\"noopener\">Dijon<\/a><\/li><li><a href=\"https:\/\/www.chartres.fr\/\" target=\"_blank\" rel=\"noopener\">Chartres<\/a><\/li><li><a href=\"https:\/\/www.salineroyale.com\/accueil\/\" target=\"_blank\" rel=\"noopener\">Saline Royale<\/a><\/li><li><a href=\"https:\/\/www.vendee-tourisme.com\" target=\"_blank\" rel=\"noopener\">Vend\u00e9e<\/a><\/li><\/ul>\t\t\t\t\t\t\t\t<\/div>\n\t\t\t\t<\/div>\n\t\t\t\t\t<\/div>\n\t\t<\/div>\n\t\t\t\t\t<\/div>\n\t\t<\/section>\n\t\t\t\t<\/div>\n\t\t","protected":false},"excerpt":{"rendered":"<p>Wohin uns unsere n\u00e4chste Reise im Fr\u00fchling hinf\u00fchrt, steht einmal mehr offen&#8230;\u00a0 Wir pr\u00fcfen allerlei Destinationen und entscheiden uns kurz bevor es los geht Deshalb entsteht hier sicher in der n\u00e4chsten Zeit noch die eine oder andere Bucket List NORMANDIE C\u00f4te d&#8217;Alb\u00e2tre Dieppe Mont Saint Michel C\u00d4TE D&#8217;AZUR &amp; HINTERLAND Port Grimaud &#8211; Camping Saint-Tropez Gorges du Verdon Esterel Massif Le Belv\u00e9d\u00e8re Le Trayas Antibes Cannes Nizza Eze &#8211; Village Monaco La Turbie Vence Saint-Paul-de-Vence Gourdon Sainte Maxime Hy\u00e8res Cassis Grasse Menton Parc national des Calanques Yelloh Village &#8211; Camping Routen C\u00f4te d&#8217;azur Gorges de l\u2019Ard\u00e8che Auvergne Avignon Arles Dijon Chartres Saline Royale Vend\u00e9e<\/p>\n","protected":false},"author":1,"featured_media":12365,"comment_status":"open","ping_status":"closed","sticky":false,"template":"","format":"standard","meta":{"footnotes":""},"categories":[222,109,111],"tags":[147,30,127,110],"class_list":["post-12364","post","type-post","status-publish","format-standard","has-post-thumbnail","hentry","category-bucket-list-frankreich","category-womi","category-womi-buckte-list","tag-bucketlist","tag-europa","tag-frankreich","tag-womi"],"acf":[],"post_mailing_queue_ids":[],"_links":{"self":[{"href":"https:\/\/blsontour.ch\/index.php\/wp-json\/wp\/v2\/posts\/12364","targetHints":{"allow":["GET"]}}],"collection":[{"href":"https:\/\/blsontour.ch\/index.php\/wp-json\/wp\/v2\/posts"}],"about":[{"href":"https:\/\/blsontour.ch\/index.php\/wp-json\/wp\/v2\/types\/post"}],"author":[{"embeddable":true,"href":"https:\/\/blsontour.ch\/index.php\/wp-json\/wp\/v2\/users\/1"}],"replies":[{"embeddable":true,"href":"https:\/\/blsontour.ch\/index.php\/wp-json\/wp\/v2\/comments?post=12364"}],"version-history":[{"count":0,"href":"https:\/\/blsontour.ch\/index.php\/wp-json\/wp\/v2\/posts\/12364\/revisions"}],"wp:featuredmedia":[{"embeddable":true,"href":"https:\/\/blsontour.ch\/index.php\/wp-json\/wp\/v2\/media\/12365"}],"wp:attachment":[{"href":"https:\/\/blsontour.ch\/index.php\/wp-json\/wp\/v2\/media?parent=12364"}],"wp:term":[{"taxonomy":"category","embeddable":true,"href":"https:\/\/blsontour.ch\/index.php\/wp-json\/wp\/v2\/categories?post=12364"},{"taxonomy":"post_tag","embeddable":true,"href":"https:\/\/blsontour.ch\/index.php\/wp-json\/wp\/v2\/tags?post=12364"}],"curies":[{"name":"wp","href":"https:\/\/api.w.org\/{rel}","templated":true}]}}