{"id":2011,"date":"2019-04-22T17:06:41","date_gmt":"2019-04-22T17:06:41","guid":{"rendered":"https:\/\/blsontour.ch\/?p=2011"},"modified":"2019-06-09T13:03:19","modified_gmt":"2019-06-09T13:03:19","slug":"die-route-steht-schon-fast","status":"publish","type":"post","link":"https:\/\/blsontour.ch\/index.php\/2019\/04\/22\/die-route-steht-schon-fast\/","title":{"rendered":"Die Route steht &#8211; schon fast"},"content":{"rendered":"<p>Sehr viele Ideen haben wir bereits zusammengetragen, Blogs oder Reisef\u00fchrer darf ich keine mehr lesen \u2013 sonst kommt noch mehr zusammen \ud83d\ude09&nbsp; Im Kopf steht die Route, &nbsp;ob die 31 Tage im <a href=\"https:\/\/blsontour.ch\/index.php\/japan-mit-campervan\/\">Campervan<\/a> reichen werden, wird unterwegs herausgefunden. Die Reise soll nicht im Stress ausarten! Wir werden nach Lust &amp; Laune entscheiden und rauspicken was am jeweiligen Tag gerade passt. Ein paar Punkte gibt es nat\u00fcrlich trotzdem die wir auf keinen Fall verpassen m\u00f6chten. Was aber sicher ist, die Vorfreude w\u00e4chst von Tag zu Tag!<\/p>\n<p>&nbsp;<\/p>\n<p><iframe src=\"https:\/\/www.google.com\/maps\/d\/embed?mid=1oxyZ8bp3552YA5UnB1pM0y83NmxWACW-\" width=\"1300\" height=\"640\"><\/iframe><\/p>\n<p>&nbsp;<\/p>\n<p>&nbsp;<\/p>\n","protected":false},"excerpt":{"rendered":"<p>Sehr viele Ideen haben wir bereits zusammengetragen, Blogs oder Reisef\u00fchrer darf ich keine mehr lesen \u2013 sonst kommt noch mehr zusammen \ud83d\ude09&nbsp; Im Kopf steht die Route, &nbsp;ob die 31 Tage im Campervan reichen werden, wird unterwegs herausgefunden. Die Reise soll nicht im Stress ausarten! Wir werden nach Lust &amp; Laune entscheiden und rauspicken was am jeweiligen Tag gerade passt. Ein paar Punkte gibt es nat\u00fcrlich trotzdem die wir auf keinen Fall verpassen m\u00f6chten. Was aber sicher ist, die Vorfreude w\u00e4chst von Tag zu Tag! &nbsp; &nbsp; &nbsp;<\/p>\n","protected":false},"author":1,"featured_media":2010,"comment_status":"open","ping_status":"closed","sticky":false,"template":"","format":"standard","meta":{"footnotes":""},"categories":[44],"tags":[59,33,34],"class_list":["post-2011","post","type-post","status-publish","format-standard","has-post-thumbnail","hentry","category-japan-2019","tag-campervan","tag-japan","tag-vorbereitung"],"acf":[],"post_mailing_queue_ids":[],"_links":{"self":[{"href":"https:\/\/blsontour.ch\/index.php\/wp-json\/wp\/v2\/posts\/2011","targetHints":{"allow":["GET"]}}],"collection":[{"href":"https:\/\/blsontour.ch\/index.php\/wp-json\/wp\/v2\/posts"}],"about":[{"href":"https:\/\/blsontour.ch\/index.php\/wp-json\/wp\/v2\/types\/post"}],"author":[{"embeddable":true,"href":"https:\/\/blsontour.ch\/index.php\/wp-json\/wp\/v2\/users\/1"}],"replies":[{"embeddable":true,"href":"https:\/\/blsontour.ch\/index.php\/wp-json\/wp\/v2\/comments?post=2011"}],"version-history":[{"count":0,"href":"https:\/\/blsontour.ch\/index.php\/wp-json\/wp\/v2\/posts\/2011\/revisions"}],"wp:featuredmedia":[{"embeddable":true,"href":"https:\/\/blsontour.ch\/index.php\/wp-json\/wp\/v2\/media\/2010"}],"wp:attachment":[{"href":"https:\/\/blsontour.ch\/index.php\/wp-json\/wp\/v2\/media?parent=2011"}],"wp:term":[{"taxonomy":"category","embeddable":true,"href":"https:\/\/blsontour.ch\/index.php\/wp-json\/wp\/v2\/categories?post=2011"},{"taxonomy":"post_tag","embeddable":true,"href":"https:\/\/blsontour.ch\/index.php\/wp-json\/wp\/v2\/tags?post=2011"}],"curies":[{"name":"wp","href":"https:\/\/api.w.org\/{rel}","templated":true}]}}